{"id":14,"date":"2026-08-30T16:55:55","date_gmt":"2026-08-30T14:55:55","guid":{"rendered":"https:\/\/www.paukner.de\/journal\/?p=14"},"modified":"2026-08-31T09:27:48","modified_gmt":"2026-08-31T07:27:48","slug":"agos-auf-den-spuren-eines-seltenen-italienischen-rennrads","status":"publish","type":"post","link":"https:\/\/www.paukner.de\/journal\/agos-auf-den-spuren-eines-seltenen-italienischen-rennrads\/","title":{"rendered":"AGOS: Auf den Spuren eines seltenen italienischen Rennrads"},"content":{"rendered":"\n<h2 class=\"wp-block-heading\">Mein historisches AGOS-Rennrad und die Geschichte von Agostino Impara<\/h2>\n\n\n\n<p class=\"wp-block-paragraph\">Seit einigen Jahren besitze ich ein italienisches Rennrad, \u00fcber dessen Herkunft zun\u00e4chst kaum etwas herauszufinden war. Auf dem t\u00fcrkisfarbenen Rahmen steht un\u00fcbersehbar der Name <strong>AGOS<\/strong>. Auch das Steuerrohr, die Gabel und weitere Rahmendetails tragen ungew\u00f6hnliche Zeichen, die sich keiner der bekannten gro\u00dfen italienischen Fahrradmarken eindeutig zuordnen lie\u00dfen.<\/p>\n\n\n\n<p class=\"wp-block-paragraph\">Je genauer ich das Fahrrad betrachtete, desto interessanter wurde die Suche nach seiner Geschichte. Wer oder was war AGOS? Handelte es sich um einen kleinen Rahmenbauer, eine Werkstattmarke oder lediglich um einen H\u00e4ndler, der zugekaufte Rahmen unter seinem Namen verkaufte?<\/p>\n\n\n\n<p class=\"wp-block-paragraph\">Die Recherche f\u00fchrte schlie\u00dflich nach Riozzo, einem Ortsteil der Gemeinde Cerro al Lambro s\u00fcd\u00f6stlich von Mailand, und zu einem Mann namens <strong>Agostino Impara<\/strong>.<\/p>\n\n\n\n<figure class=\"wp-block-image size-large\"><img loading=\"lazy\" decoding=\"async\" width=\"1024\" height=\"687\" src=\"https:\/\/www.paukner.de\/journal\/wp-content\/uploads\/2026\/08\/AGOS-Rennrad-von-Agostino-I-1024x687.jpg\" alt=\"\" class=\"wp-image-25\" srcset=\"https:\/\/www.paukner.de\/journal\/wp-content\/uploads\/2026\/08\/AGOS-Rennrad-von-Agostino-I-1024x687.jpg 1024w, https:\/\/www.paukner.de\/journal\/wp-content\/uploads\/2026\/08\/AGOS-Rennrad-von-Agostino-I-300x201.jpg 300w, https:\/\/www.paukner.de\/journal\/wp-content\/uploads\/2026\/08\/AGOS-Rennrad-von-Agostino-I-767x515.jpg 767w, https:\/\/www.paukner.de\/journal\/wp-content\/uploads\/2026\/08\/AGOS-Rennrad-von-Agostino-I.jpg 1447w\" sizes=\"auto, (max-width: 1024px) 100vw, 1024px\" \/><figcaption class=\"wp-element-caption\"><em><strong>Mein AGOS-Rennrad mit t\u00fcrkisfarbener Metalliclackierung, verchromter Gabel und klassischer Rennradausstattung.<\/strong><\/em><\/figcaption><\/figure>\n\n\n\n<h2 class=\"wp-block-heading\">Wer war Agostino Impara?<\/h2>\n\n\n\n<p class=\"wp-block-paragraph\">Agostino Impara war in Cerro al Lambro und Riozzo \u00fcber viele Jahrzehnte eng mit dem Fahrrad verbunden. Nach seinem Tod im November 2023 erinnerte die \u00f6rtliche Presse an ihn als den historischen \u201eFahrraddoktor\u201c der Gemeinde. Er reparierte Fahrr\u00e4der, engagierte sich ehrenamtlich und half Menschen, die auf ein Fahrrad angewiesen waren.<\/p>\n\n\n\n<p class=\"wp-block-paragraph\">Ein Jahr nach seinem Tod organisierten die Gemeinde Cerro al Lambro, die Pro Loco und die \u00f6rtliche Kirchengemeinde die Gedenkveranstaltung <strong>\u201ePedala con Agos\u201c<\/strong>. Der offizielle Veranstaltungstext liefert den bislang wichtigsten schriftlichen Nachweis zur Geschichte der Marke.<\/p>\n\n\n\n<p class=\"wp-block-paragraph\">Darin hei\u00dft es, Agostino sei in der Gemeinde liebevoll <strong>\u201eAgos\u201c<\/strong> genannt worden. Seine kleine Werkstatt in Riozzo sei nicht nur eine Reparaturwerkstatt gewesen. Er habe Fahrr\u00e4der wiederhergestellt und sie Menschen geschenkt, die ein Transportmittel f\u00fcr den Weg zur Arbeit ben\u00f6tigten. Au\u00dferdem wird er ausdr\u00fccklich als Produzent hochwertiger Rennr\u00e4der beschrieben. Seine Fahrr\u00e4der trugen den Markennamen <strong>AGOS<\/strong>.<\/p>\n\n\n\n<p class=\"wp-block-paragraph\">Damit ist belegt, dass \u201eAgos\u201c sowohl der Spitzname von Agostino Impara als auch die Bezeichnung seiner Fahrradmarke war.<\/p>\n\n\n\n<p class=\"wp-block-paragraph\">Quelle: <a href=\"https:\/\/www.comune.cerroallambro.mi.it\/it\/eventi\/653828\">Comune di Cerro al Lambro, \u201ePedala con Agos\u201c<\/a><\/p>\n\n\n\n<figure class=\"wp-block-image aligncenter size-large\"><img loading=\"lazy\" decoding=\"async\" width=\"633\" height=\"1024\" src=\"https:\/\/www.paukner.de\/journal\/wp-content\/uploads\/2026\/08\/image-1-633x1024.png\" alt=\"\" class=\"wp-image-45\" srcset=\"https:\/\/www.paukner.de\/journal\/wp-content\/uploads\/2026\/08\/image-1-633x1024.png 633w, https:\/\/www.paukner.de\/journal\/wp-content\/uploads\/2026\/08\/image-1-185x300.png 185w, https:\/\/www.paukner.de\/journal\/wp-content\/uploads\/2026\/08\/image-1.png 692w\" sizes=\"auto, (max-width: 633px) 100vw, 633px\" \/><\/figure>\n\n\n\n<figure class=\"wp-block-image aligncenter size-full\"><img loading=\"lazy\" decoding=\"async\" width=\"719\" height=\"813\" src=\"https:\/\/www.paukner.de\/journal\/wp-content\/uploads\/2026\/08\/image-3.png\" alt=\"\" class=\"wp-image-50\" srcset=\"https:\/\/www.paukner.de\/journal\/wp-content\/uploads\/2026\/08\/image-3.png 719w, https:\/\/www.paukner.de\/journal\/wp-content\/uploads\/2026\/08\/image-3-265x300.png 265w\" sizes=\"auto, (max-width: 719px) 100vw, 719px\" \/><\/figure>\n\n\n\n<h2 class=\"wp-block-heading\">Ein AGOS-Rennrad im Santuario del Ghisallo<\/h2>\n\n\n\n<p class=\"wp-block-paragraph\">Der Veranstaltungstext enth\u00e4lt noch einen weiteren wichtigen Hinweis: Im ber\u00fchmten Santuario della Madonna del Ghisallo befindet sich ein von Agostino gebautes beziehungsweise unter seiner Marke hergestelltes Rennrad.<\/p>\n\n\n\n<p class=\"wp-block-paragraph\">Dieses Fahrrad war urspr\u00fcnglich f\u00fcr Don Paolo Villa bestimmt und wurde sp\u00e4ter dem Santuario \u00fcberlassen. Mittlerweile ist es auch im virtuellen Bestand des Santuario als <strong>\u201eBicicletta AGOS Don Paolo Villa\u201c<\/strong> erfasst. Als aktueller Standort ist das Archiv angegeben.<\/p>\n\n\n\n<p class=\"wp-block-paragraph\">Quelle: <a href=\"https:\/\/www.santuariomadonnadelghisallo.it\/santuario-virtuale\/bicicletta-agos-don-paolo-villa-in-dono-per-la-madonna-del-ghisallo\/\">Santuario Madonna del Ghisallo, \u201eBicicletta AGOS Don Paolo Villa\u201c<\/a><\/p>\n\n\n\n<p class=\"wp-block-paragraph\">Das dort dokumentierte Fahrrad ist deutlich j\u00fcnger als mein Rennrad. Gestaltung und Ausstattung sprechen eher f\u00fcr ein Fahrrad vom Ende der 1980er Jahre, aus den 1990er Jahren oder m\u00f6glicherweise noch etwas sp\u00e4ter. Eine exakte Datierung ist anhand der ver\u00f6ffentlichten Aufnahme nicht m\u00f6glich.<\/p>\n\n\n\n<p class=\"wp-block-paragraph\">Trotz des Altersunterschieds liefert dieses Fahrrad einen entscheidenden Vergleich.<\/p>\n\n\n\n<h2 class=\"wp-block-heading\">Derselbe AGOS-Schriftzug<\/h2>\n\n\n\n<p class=\"wp-block-paragraph\">Das Ghisallo-Rad besitzt eine auff\u00e4llige blau-gelbe Verlaufs lackierung. Auf dem Unterrohr steht \u201eAGOS\u201c in gelben beziehungsweise goldfarbenen Buchstaben. Derselbe Schriftzug befindet sich senkrecht auf dem Sitzrohr.<\/p>\n\n\n\n<p class=\"wp-block-paragraph\">Beim direkten Vergleich mit meinem Fahrrad stimmen die Schriftz\u00fcge praktisch vollst\u00e4ndig \u00fcberein:<\/p>\n\n\n\n<ul class=\"wp-block-list\">\n<li>gleiche Buchstabenformen,<\/li>\n\n\n\n<li>gleiche Proportionen,<\/li>\n\n\n\n<li>gleiche Abst\u00e4nde,<\/li>\n\n\n\n<li>identische Gestaltung des \u201eA\u201c, \u201eG\u201c, \u201eO\u201c und \u201eS\u201c,<\/li>\n\n\n\n<li>gelbe beziehungsweise goldene F\u00fcllung,<\/li>\n\n\n\n<li>roter oder dunkel wirkender Schatten nach rechts unten ,<\/li>\n\n\n\n<li>gleiche Positionierung auf Unterrohr und Sitzrohr.<\/li>\n<\/ul>\n\n\n\n<p class=\"wp-block-paragraph\">Die kleinen optischen Unterschiede lassen sich durch Perspektive, Bildqualit\u00e4t, Alterung und die unterschiedlichen Rahmenfarben erkl\u00e4ren. Es handelt sich mit hoher Wahrscheinlichkeit um dieselbe AGOS-Schriftvorlage beziehungsweise Decalgestaltung.<\/p>\n\n\n\n<figure class=\"wp-block-gallery has-nested-images columns-default is-cropped wp-block-gallery-1 is-layout-flex wp-block-gallery-is-layout-flex\">\n<figure class=\"wp-block-image size-large\"><img loading=\"lazy\" decoding=\"async\" width=\"1024\" height=\"378\" data-id=\"41\" src=\"https:\/\/www.paukner.de\/journal\/wp-content\/uploads\/2026\/08\/AGOS-Schriftzug-1024x378.jpg\" alt=\"\" class=\"wp-image-41\" srcset=\"https:\/\/www.paukner.de\/journal\/wp-content\/uploads\/2026\/08\/AGOS-Schriftzug-1024x378.jpg 1024w, https:\/\/www.paukner.de\/journal\/wp-content\/uploads\/2026\/08\/AGOS-Schriftzug-300x111.jpg 300w, https:\/\/www.paukner.de\/journal\/wp-content\/uploads\/2026\/08\/AGOS-Schriftzug-768x284.jpg 768w, https:\/\/www.paukner.de\/journal\/wp-content\/uploads\/2026\/08\/AGOS-Schriftzug.jpg 1032w\" sizes=\"auto, (max-width: 1024px) 100vw, 1024px\" \/><figcaption class=\"wp-element-caption\"><em><strong>Links der Schriftzug meines \u00e4lteren AGOS-Rads<\/strong><\/em><br><em><strong>Rechts das dokumentierte Fahrrad aus dem Bestand des Santuario del Ghisallo.<\/strong><\/em><\/figcaption><\/figure>\n<\/figure>\n\n\n\n<p class=\"wp-block-paragraph\">Auch auf dem Steuerrohr des Ghisallo-Rads l\u00e4sst sich trotz der davor verlaufenden Kabel schemenhaft ein gelb-goldenes Zeichen erkennen. Position und Umriss sind mit dem markanten \u201eA\u201c meines Fahrrads vereinbar, das von stilisierten Lorbeerzweigen eingefasst wird. Die Aufnahme reicht nicht f\u00fcr einen endg\u00fcltigen Nachweis, aber die \u00dcbereinstimmung erscheint sehr wahrscheinlich.<\/p>\n\n\n\n<h2 class=\"wp-block-heading\">Eine erkennbare, aber flexible Markenidentit\u00e4t<\/h2>\n\n\n\n<p class=\"wp-block-paragraph\">Zun\u00e4chst entstand der Eindruck, dass nahezu jedes erhaltene AGOS-Rennrad individuell gestaltet wurde. Der Vergleich mit dem Ghisallo-Rad zeigt inzwischen ein differenzierteres Bild.<\/p>\n\n\n\n<p class=\"wp-block-paragraph\">AGOS besa\u00df offenbar eine wiederkehrende Kernidentit\u00e4t:<\/p>\n\n\n\n<ul class=\"wp-block-list\">\n<li>der charakteristische AGOS-Schriftzug,<\/li>\n\n\n\n<li>die Anordnung auf Unterrohr und Sitzrohr,<\/li>\n\n\n\n<li>die gelb-goldene Farbgebung mit dunkler oder roter Schattierung,<\/li>\n\n\n\n<li>wahrscheinlich das \u201eA\u201c mit Lorbeerzweigen als Steuerrohrzeichen.<\/li>\n<\/ul>\n\n\n\n<p class=\"wp-block-paragraph\">Andere Elemente konnten dagegen stark variieren:<\/p>\n\n\n\n<ul class=\"wp-block-list\">\n<li>Rahmenfarbe und Lackiermuster,<\/li>\n\n\n\n<li>verchromte oder vollst\u00e4ndig lackierte Gabeln,<\/li>\n\n\n\n<li>zus\u00e4tzliche Embleme,<\/li>\n\n\n\n<li>kleinere Schriftz\u00fcge,<\/li>\n\n\n\n<li>Rahmenausf\u00fchrung,<\/li>\n\n\n\n<li>verwendete Komponenten,<\/li>\n\n\n\n<li>Ausstattung nach Zeitraum oder Kundenwunsch.<\/li>\n<\/ul>\n\n\n\n<p class=\"wp-block-paragraph\">AGOS war keine industrielle Gro\u00dfserie mit j\u00e4hrlich einheitlich festgelegten Modellprogrammen und einer durchgehend standardisierten Gestaltung. Die gefundenen Fahrr\u00e4der sprechen eher f\u00fcr eine kleine Werkstattmarke, bei der ein wiedererkennbarer Markenschriftzug mit individuell ausgef\u00fchrten Rahmen und Lackierungen kombiniert wurde.<\/p>\n\n\n\n<h2 class=\"wp-block-heading\">Die Merkmale meines AGOS-Rahmens<\/h2>\n\n\n\n<p class=\"wp-block-paragraph\">Mein Fahrrad besitzt einen klassischen gemufften Stahlrahmen mit t\u00fcrkisfarbener Metalliclackierung. Mehrere Details sprechen f\u00fcr einen hochwertigen italienischen Rennradrahmen seiner Zeit.<\/p>\n\n\n\n<h3 class=\"wp-block-heading\">Columbus-Rohre<\/h3>\n\n\n\n<p class=\"wp-block-paragraph\">Am Sitzrohr befindet sich ein historischer Columbus-Aufkleber mit der Aufschrift \u201eTubi Rinforzati Garantiti\u201c und \u201eAcciaio Speciale\u201c.<\/p>\n\n\n\n<p class=\"wp-block-paragraph\">Damit ist die Verwendung eines Columbus-Rohrsatzes belegt. Der Aufkleber allein erlaubt jedoch keine sichere Bestimmung der konkreten Rohrserie. Eine Zuordnung zu Columbus SL, SP oder einer anderen Serie w\u00e4re ohne zus\u00e4tzliche Merkmale oder eine vollst\u00e4ndige Vermessung spekulativ.<\/p>\n\n\n\n<figure class=\"wp-block-image size-large\"><img loading=\"lazy\" decoding=\"async\" width=\"2560\" height=\"1931\" src=\"https:\/\/www.paukner.de\/journal\/wp-content\/uploads\/2026\/08\/Agos-Columbus-Stahlrohre-edited-scaled.jpg\" alt=\"\" class=\"wp-image-37\" srcset=\"https:\/\/www.paukner.de\/journal\/wp-content\/uploads\/2026\/08\/Agos-Columbus-Stahlrohre-edited-scaled.jpg 2560w, https:\/\/www.paukner.de\/journal\/wp-content\/uploads\/2026\/08\/Agos-Columbus-Stahlrohre-edited-300x226.jpg 300w, https:\/\/www.paukner.de\/journal\/wp-content\/uploads\/2026\/08\/Agos-Columbus-Stahlrohre-edited-1024x772.jpg 1024w, https:\/\/www.paukner.de\/journal\/wp-content\/uploads\/2026\/08\/Agos-Columbus-Stahlrohre-edited-768x579.jpg 768w, https:\/\/www.paukner.de\/journal\/wp-content\/uploads\/2026\/08\/Agos-Columbus-Stahlrohre-edited-1536x1159.jpg 1536w, https:\/\/www.paukner.de\/journal\/wp-content\/uploads\/2026\/08\/Agos-Columbus-Stahlrohre-edited-2048x1545.jpg 2048w\" sizes=\"auto, (max-width: 2560px) 100vw, 2560px\" \/><figcaption class=\"wp-element-caption\"><em><strong>Der erhaltene Columbus-Aufkleber best\u00e4tigt die Verwendung italienischer Stahlrohre.<\/strong><\/em><\/figcaption><\/figure>\n\n\n\n<h3 class=\"wp-block-heading\">Campagnolo-Ausfallende<\/h3>\n\n\n\n<p class=\"wp-block-paragraph\">Das hintere Ausfallende tr\u00e4gt gut sichtbar den eingestanzten Namen <strong>Campagnolo<\/strong>. Dies ist ein weiteres zeittypisches Qualit\u00e4tsmerkmal. Es beweist allerdings nicht, dass der gesamte Rahmen von Campagnolo oder von einem bestimmten bekannten Rahmenbauer hergestellt wurde.<\/p>\n\n\n\n<figure class=\"wp-block-image size-large\"><img loading=\"lazy\" decoding=\"async\" width=\"1024\" height=\"768\" src=\"https:\/\/www.paukner.de\/journal\/wp-content\/uploads\/2026\/08\/Agos-Campangolo-Ausfallende-1024x768.jpg\" alt=\"\" class=\"wp-image-29\" srcset=\"https:\/\/www.paukner.de\/journal\/wp-content\/uploads\/2026\/08\/Agos-Campangolo-Ausfallende-1024x768.jpg 1024w, https:\/\/www.paukner.de\/journal\/wp-content\/uploads\/2026\/08\/Agos-Campangolo-Ausfallende-300x225.jpg 300w, https:\/\/www.paukner.de\/journal\/wp-content\/uploads\/2026\/08\/Agos-Campangolo-Ausfallende-768x576.jpg 768w, https:\/\/www.paukner.de\/journal\/wp-content\/uploads\/2026\/08\/Agos-Campangolo-Ausfallende-1536x1152.jpg 1536w, https:\/\/www.paukner.de\/journal\/wp-content\/uploads\/2026\/08\/Agos-Campangolo-Ausfallende-2048x1536.jpg 2048w\" sizes=\"auto, (max-width: 1024px) 100vw, 1024px\" \/><figcaption class=\"wp-element-caption\"><em><strong>Das verchromte hintere Ausfallende mit Campagnolo-Schriftzug.<\/strong><\/em><\/figcaption><\/figure>\n\n\n\n<h3 class=\"wp-block-heading\">Verchromte Bauteile und Rahmendetails<\/h3>\n\n\n\n<p class=\"wp-block-paragraph\">Weitere auff\u00e4llige Merkmale sind:<\/p>\n\n\n\n<ul class=\"wp-block-list\">\n<li>eine verchromte Gabel,<\/li>\n\n\n\n<li>eine verchromte Kettenstrebe,<\/li>\n\n\n\n<li>ein dekorativ ausgeschnittenes Tretlagergeh\u00e4use,<\/li>\n\n\n\n<li>unter dem Tretlager gef\u00fchrte Schaltz\u00fcge,<\/li>\n\n\n\n<li>filigrane Sitzstreben,<\/li>\n\n\n\n<li>klassische Muffenverbindungen,<\/li>\n\n\n\n<li>ein aufwendig gestalteter \u00dcbergang an der hinteren Bremsbr\u00fccke.<\/li>\n<\/ul>\n\n\n\n<p class=\"wp-block-paragraph\">Auf der Unterseite des Tretlagers ist keine Rahmennummer erkennbar. Auch an den bisher untersuchten Ausfallenden wurde keine eindeutige individuelle Rahmennummer gefunden.<\/p>\n\n\n\n<p class=\"wp-block-paragraph\">Das Fehlen einer Nummer erschwert die Identifizierung, widerlegt aber nicht die Herkunft als AGOS-Rahmen.<\/p>\n\n\n\n<figure class=\"wp-block-image size-large\"><img loading=\"lazy\" decoding=\"async\" width=\"2560\" height=\"1923\" src=\"https:\/\/www.paukner.de\/journal\/wp-content\/uploads\/2026\/08\/AGOS-Tretlager-edited-scaled.jpg\" alt=\"\" class=\"wp-image-38\" srcset=\"https:\/\/www.paukner.de\/journal\/wp-content\/uploads\/2026\/08\/AGOS-Tretlager-edited-scaled.jpg 2560w, https:\/\/www.paukner.de\/journal\/wp-content\/uploads\/2026\/08\/AGOS-Tretlager-edited-300x225.jpg 300w, https:\/\/www.paukner.de\/journal\/wp-content\/uploads\/2026\/08\/AGOS-Tretlager-edited-1024x769.jpg 1024w, https:\/\/www.paukner.de\/journal\/wp-content\/uploads\/2026\/08\/AGOS-Tretlager-edited-768x577.jpg 768w, https:\/\/www.paukner.de\/journal\/wp-content\/uploads\/2026\/08\/AGOS-Tretlager-edited-1536x1154.jpg 1536w, https:\/\/www.paukner.de\/journal\/wp-content\/uploads\/2026\/08\/AGOS-Tretlager-edited-2048x1538.jpg 2048w\" sizes=\"auto, (max-width: 2560px) 100vw, 2560px\" \/><figcaption class=\"wp-element-caption\"><em><strong>Dekorativer Ausschnitt und Zugf\u00fchrung unter dem Tretlager, jedoch keine erkennbare Rahmennummer.<\/strong><\/em><\/figcaption><\/figure>\n\n\n\n<h2 class=\"wp-block-heading\">Das r\u00e4tselhafte gelbe Radfahrerzeichen<\/h2>\n\n\n\n<p class=\"wp-block-paragraph\">Ein besonders ungew\u00f6hnliches Detail meines Fahrrads ist ein kleines gelbes Zeichen. Es befindet sich mehrfach am Rahmen, unter anderem auf der Gabelkrone und an der hinteren Bremsbr\u00fccke.<\/p>\n\n\n\n<p class=\"wp-block-paragraph\">Bei oberfl\u00e4chlicher Betrachtung k\u00f6nnte man das Zeichen f\u00fcr ein Buchstabenmonogramm halten. Die vergr\u00f6\u00dferte Aufnahme zeigt jedoch eine andere und wesentlich schl\u00fcssigere Interpretation: Das Motiv stellt wahrscheinlich einen stark stilisierten Radfahrer in Frontalansicht dar.<\/p>\n\n\n\n<p class=\"wp-block-paragraph\">Erkennbar sind:<\/p>\n\n\n\n<ul class=\"wp-block-list\">\n<li>ein kleiner Kopf am oberen Ende,<\/li>\n\n\n\n<li>seitlich gef\u00fchrte Arme beziehungsweise ein Lenker,<\/li>\n\n\n\n<li>ein rundes Element in der Mitte,<\/li>\n\n\n\n<li>zwei unterschiedlich lange untere Linien,<\/li>\n\n\n\n<li>m\u00f6glicherweise Beine, Kurbeln oder unterschiedlich stehende Pedale.<\/li>\n<\/ul>\n\n\n\n<figure class=\"wp-block-image size-large\"><img loading=\"lazy\" decoding=\"async\" width=\"2560\" height=\"1942\" src=\"https:\/\/www.paukner.de\/journal\/wp-content\/uploads\/2026\/08\/Agos-Pantographie-edited-scaled.jpg\" alt=\"\" class=\"wp-image-39\" srcset=\"https:\/\/www.paukner.de\/journal\/wp-content\/uploads\/2026\/08\/Agos-Pantographie-edited-scaled.jpg 2560w, https:\/\/www.paukner.de\/journal\/wp-content\/uploads\/2026\/08\/Agos-Pantographie-edited-300x228.jpg 300w, https:\/\/www.paukner.de\/journal\/wp-content\/uploads\/2026\/08\/Agos-Pantographie-edited-1024x777.jpg 1024w, https:\/\/www.paukner.de\/journal\/wp-content\/uploads\/2026\/08\/Agos-Pantographie-edited-768x583.jpg 768w, https:\/\/www.paukner.de\/journal\/wp-content\/uploads\/2026\/08\/Agos-Pantographie-edited-1536x1165.jpg 1536w, https:\/\/www.paukner.de\/journal\/wp-content\/uploads\/2026\/08\/Agos-Pantographie-edited-2048x1554.jpg 2048w\" sizes=\"auto, (max-width: 2560px) 100vw, 2560px\" \/><figcaption class=\"wp-element-caption\"><em><strong>Das mehrfach verwendete Zeichen l\u00e4sst sich am schl\u00fcssigsten als stilisierter Radfahrer von vorn lesen.<\/strong><\/em><\/figcaption><\/figure>\n\n\n\n<p class=\"wp-block-paragraph\">Zeitweise wurde gepr\u00fcft, ob dieses Zeichen mit den historischen GPT-Zeichen von Pinarello zusammenh\u00e4ngen k\u00f6nnte. Diese Zuordnung lie\u00df sich nicht best\u00e4tigen und wurde verworfen. Das Symbol auf meinem Fahrrad stimmt nicht mit einem belegten Pinarello-GPT-Monogramm \u00fcberein.<\/p>\n\n\n\n<p class=\"wp-block-paragraph\">Die Herkunft des Zeichens bleibt offen. Denkbar sind derzeit drei M\u00f6glichkeiten:<\/p>\n\n\n\n<ol class=\"wp-block-list\">\n<li>ein \u00e4lteres oder nur zeitweise verwendetes AGOS-Zusatzemblem,<\/li>\n\n\n\n<li>ein Zeichen des eigentlichen Rahmenbauers oder Rahmenzulieferers,<\/li>\n\n\n\n<li>eine Dekoration, die nur bei bestimmten AGOS-Rahmen verwendet wurde.<\/li>\n<\/ol>\n\n\n\n<p class=\"wp-block-paragraph\">Das j\u00fcngere Ghisallo-Rad tr\u00e4gt dieses Piktogramm offenbar nicht. Es war deshalb wahrscheinlich kein dauerhaft verwendetes Hauptlogo der Marke.<\/p>\n\n\n\n<h2 class=\"wp-block-heading\">Baute Agostino Impara die Rahmen selbst?<\/h2>\n\n\n\n<p class=\"wp-block-paragraph\">Die offizielle Darstellung der Gemeinde bezeichnet Agostino Impara als Produzenten von Rennr\u00e4dern. Daraus geht jedoch nicht hervor, ob er jeden Rahmen vollst\u00e4ndig selbst l\u00f6tete oder ob er Rahmen von spezialisierten italienischen Rahmenbauern bezog, anschlie\u00dfend lackieren lie\u00df und unter der Marke AGOS aufbaute.<\/p>\n\n\n\n<p class=\"wp-block-paragraph\">In einem italienischen Fahrradforum findet sich die Aussage eines Nutzers, AGOS habe Rahmen von verschiedenen Zulieferern bezogen. Als einer dieser Zulieferer wird Morandotti aus Certosa di Pavia genannt, der demnach auch Rahmen f\u00fcr Cinelli gefertigt haben soll.<\/p>\n\n\n\n<p class=\"wp-block-paragraph\">Quelle: <a href=\"https:\/\/www.bdc-mag.com\/forum\/t\/bici-agos.223172\/\">BDC-MAG Forum, Diskussion \u201eBici Agos\u201c<\/a><\/p>\n\n\n\n<figure class=\"wp-block-image size-large\"><img loading=\"lazy\" decoding=\"async\" width=\"1024\" height=\"549\" src=\"https:\/\/www.paukner.de\/journal\/wp-content\/uploads\/2026\/08\/image-1024x549.png\" alt=\"\" class=\"wp-image-43\" srcset=\"https:\/\/www.paukner.de\/journal\/wp-content\/uploads\/2026\/08\/image-1024x549.png 1024w, https:\/\/www.paukner.de\/journal\/wp-content\/uploads\/2026\/08\/image-300x161.png 300w, https:\/\/www.paukner.de\/journal\/wp-content\/uploads\/2026\/08\/image-767x411.png 767w, https:\/\/www.paukner.de\/journal\/wp-content\/uploads\/2026\/08\/image.png 1114w\" sizes=\"auto, (max-width: 1024px) 100vw, 1024px\" \/><\/figure>\n\n\n\n<p class=\"wp-block-paragraph\">Dieser Hinweis ist interessant, aber kein belastbarer Nachweis f\u00fcr den Hersteller meines Rahmens. Bislang existiert weder eine Rahmennummer noch ein eindeutiges Herstellerzeichen, das meinen Rahmen Morandotti oder einem anderen Rahmenbauer zuordnet.<\/p>\n\n\n\n<p class=\"wp-block-paragraph\">Die sachlich richtige Einordnung lautet deshalb: Mein Fahrrad ist eindeutig als AGOS gekennzeichnet. Wer den eigentlichen Rohrahmen herstellte, ist weiterhin offen.<\/p>\n\n\n\n<h2 class=\"wp-block-heading\">Wie alt ist mein AGOS-Rennrad?<\/h2>\n\n\n\n<p class=\"wp-block-paragraph\">Die Rahmenkonstruktion, die Muffen, die verchromte Gabel, die Zugf\u00fchrung und die Gestaltung sprechen nach gegenw\u00e4rtigem Stand f\u00fcr ein Fahrrad vom Ende der 1970er oder vom Anfang der 1980er Jahre.<\/p>\n\n\n\n<p class=\"wp-block-paragraph\">Diese zeitliche Einordnung ist eine Arbeitshypothese und kein abschlie\u00dfend belegtes Baujahr. Eine Datierung anhand der aktuell montierten Komponenten ist nur eingeschr\u00e4nkt m\u00f6glich, weil das Fahrrad im Laufe seines Lebens ver\u00e4ndert wurde und ich es selbst f\u00fcr meinen heutigen Einsatzzweck weiter modifiziert habe.<\/p>\n\n\n\n<p class=\"wp-block-paragraph\">F\u00fcr die Datierung m\u00fcssen deshalb vor allem die unver\u00e4nderten Rahmendetails betrachtet werden.<\/p>\n\n\n\n<h2 class=\"wp-block-heading\">Vorl\u00e4ufiges Ergebnis der Recherche<\/h2>\n\n\n\n<p class=\"wp-block-paragraph\">Die bisherigen Ergebnisse sprechen mit hoher Wahrscheinlichkeit daf\u00fcr, dass es sich um ein authentisches \u00e4lteres AGOS-Rennrad aus dem Umfeld der Werkstatt von Agostino Impara in Riozzo handelt.<\/p>\n\n\n\n<p class=\"wp-block-paragraph\">Besonders aussagekr\u00e4ftig sind:<\/p>\n\n\n\n<ul class=\"wp-block-list\">\n<li>der offiziell belegte Markenname AGOS,<\/li>\n\n\n\n<li>der dokumentierte Spitzname von Agostino Impara,<\/li>\n\n\n\n<li>der praktisch identische Schriftzug auf dem Ghisallo-Rad,<\/li>\n\n\n\n<li>das wahrscheinlich \u00fcbereinstimmende Steuerrohrzeichen,<\/li>\n\n\n\n<li>der historische Columbus-Aufkleber,<\/li>\n\n\n\n<li>das Campagnolo-Ausfallende,<\/li>\n\n\n\n<li>die konsistente Alterung von Lackierung, Schriftz\u00fcgen und Rahmendetails.<\/li>\n<\/ul>\n\n\n\n<p class=\"wp-block-paragraph\">Offen bleiben:<\/p>\n\n\n\n<ul class=\"wp-block-list\">\n<li>das genaue Baujahr,<\/li>\n\n\n\n<li>die konkrete Columbus-Rohrserie,<\/li>\n\n\n\n<li>der tats\u00e4chliche Hersteller des Rohrahmens,<\/li>\n\n\n\n<li>die Bedeutung und Herkunft des Radfahrer-Piktogramms,<\/li>\n\n\n\n<li>die urspr\u00fcngliche vollst\u00e4ndige Ausstattung des Fahrrads.<\/li>\n<\/ul>\n\n\n\n<p class=\"wp-block-paragraph\">Gerade diese noch ungel\u00f6sten Fragen machen das Fahrrad f\u00fcr mich besonders interessant. AGOS geh\u00f6rte nicht zu den gro\u00dfen italienischen Marken, deren Modelle sich anhand umfangreicher Kataloge und Seriennummern eindeutig bestimmen lassen. Die Geschichte muss stattdessen St\u00fcck f\u00fcr St\u00fcck aus erhaltenen Fahrr\u00e4dern, historischen Fotos, lokalen Erinnerungen und einzelnen Dokumenten rekonstruiert werden.<\/p>\n\n\n\n<figure class=\"wp-block-image size-large\"><img loading=\"lazy\" decoding=\"async\" width=\"1024\" height=\"768\" src=\"https:\/\/www.paukner.de\/journal\/wp-content\/uploads\/2026\/08\/AGOS-Rennrad-Italien-1024x768.jpg\" alt=\"\" class=\"wp-image-33\" srcset=\"https:\/\/www.paukner.de\/journal\/wp-content\/uploads\/2026\/08\/AGOS-Rennrad-Italien-1024x768.jpg 1024w, https:\/\/www.paukner.de\/journal\/wp-content\/uploads\/2026\/08\/AGOS-Rennrad-Italien-300x225.jpg 300w, https:\/\/www.paukner.de\/journal\/wp-content\/uploads\/2026\/08\/AGOS-Rennrad-Italien-768x576.jpg 768w, https:\/\/www.paukner.de\/journal\/wp-content\/uploads\/2026\/08\/AGOS-Rennrad-Italien-1536x1152.jpg 1536w, https:\/\/www.paukner.de\/journal\/wp-content\/uploads\/2026\/08\/AGOS-Rennrad-Italien-2048x1536.jpg 2048w\" sizes=\"auto, (max-width: 1024px) 100vw, 1024px\" \/><figcaption class=\"wp-element-caption\"><strong>AGOS Rennrad L&#8217;Eroica 2024<\/strong><\/figcaption><\/figure>\n\n\n\n<p class=\"wp-block-paragraph\"><\/p>\n","protected":false},"excerpt":{"rendered":"<p>Mein historisches AGOS-Rennrad und die Geschichte von Agostino Impara Seit einigen Jahren besitze ich ein italienisches Rennrad, \u00fcber dessen Herkunft zun\u00e4chst kaum etwas herauszufinden war. Auf dem t\u00fcrkisfarbenen Rahmen steht un\u00fcbersehbar der Name AGOS. Auch das Steuerrohr, die Gabel und weitere Rahmendetails tragen ungew\u00f6hnliche Zeichen, die sich keiner der bekannten gro\u00dfen italienischen Fahrradmarken eindeutig zuordnen [&hellip;]<\/p>\n","protected":false},"author":1,"featured_media":35,"comment_status":"open","ping_status":"open","sticky":false,"template":"","format":"standard","meta":{"footnotes":""},"categories":[6],"tags":[8,7,9,11,13,12,10],"class_list":["post-14","post","type-post","status-publish","format-standard","has-post-thumbnail","hentry","category-fahrraeder","tag-agos","tag-agostino-impara","tag-campagnolo","tag-columbus","tag-eroica","tag-leroica","tag-rennrad"],"_links":{"self":[{"href":"https:\/\/www.paukner.de\/journal\/wp-json\/wp\/v2\/posts\/14","targetHints":{"allow":["GET"]}}],"collection":[{"href":"https:\/\/www.paukner.de\/journal\/wp-json\/wp\/v2\/posts"}],"about":[{"href":"https:\/\/www.paukner.de\/journal\/wp-json\/wp\/v2\/types\/post"}],"author":[{"embeddable":true,"href":"https:\/\/www.paukner.de\/journal\/wp-json\/wp\/v2\/users\/1"}],"replies":[{"embeddable":true,"href":"https:\/\/www.paukner.de\/journal\/wp-json\/wp\/v2\/comments?post=14"}],"version-history":[{"count":7,"href":"https:\/\/www.paukner.de\/journal\/wp-json\/wp\/v2\/posts\/14\/revisions"}],"predecessor-version":[{"id":54,"href":"https:\/\/www.paukner.de\/journal\/wp-json\/wp\/v2\/posts\/14\/revisions\/54"}],"wp:featuredmedia":[{"embeddable":true,"href":"https:\/\/www.paukner.de\/journal\/wp-json\/wp\/v2\/media\/35"}],"wp:attachment":[{"href":"https:\/\/www.paukner.de\/journal\/wp-json\/wp\/v2\/media?parent=14"}],"wp:term":[{"taxonomy":"category","embeddable":true,"href":"https:\/\/www.paukner.de\/journal\/wp-json\/wp\/v2\/categories?post=14"},{"taxonomy":"post_tag","embeddable":true,"href":"https:\/\/www.paukner.de\/journal\/wp-json\/wp\/v2\/tags?post=14"}],"curies":[{"name":"wp","href":"https:\/\/api.w.org\/{rel}","templated":true}]}}